{"@context":"https:\/\/schema.org\/","@type":"CollectionPage","@id":"https:\/\/www.tehno.sk\/auto\/#CollectionPage","headline":"Auto Category","description":"","url":"https:\/\/www.tehno.sk\/auto\/","hasPart":[{"@type":"Article","@id":"https:\/\/www.tehno.sk\/vymena-stieracov-v-aute\/","headline":"V\u00fdmena stiera\u010dov v aute.","url":"https:\/\/www.tehno.sk\/vymena-stieracov-v-aute\/","datePublished":"2021-10-15","dateModified":"2023-04-28","mainEntityOfPage":"https:\/\/www.tehno.sk\/vymena-stieracov-v-aute\/","author":{"@type":"Person","@id":"https:\/\/www.tehno.sk\/author\/#Person","name":"","url":"https:\/\/www.tehno.sk\/author\/","identifier":1,"image":{"@type":"ImageObject","@id":"https:\/\/secure.gravatar.com\/avatar\/dac37d998cdbc92cc7ee5d23d4d689a369122af40c5450007470acab45b61d68?s=96&d=mm&r=g","url":"https:\/\/secure.gravatar.com\/avatar\/dac37d998cdbc92cc7ee5d23d4d689a369122af40c5450007470acab45b61d68?s=96&d=mm&r=g","height":96,"width":96}},"publisher":{"@type":"Organization","name":"tehno.sk","logo":{"@type":"ImageObject","@id":"\/logo.png","url":"\/logo.png","width":600,"height":60}},"image":{"@type":"ImageObject","@id":"https:\/\/www.tehno.sk\/wp-content\/uploads\/star%C3%A9%20stiera%C4%8De.jpeg","url":"https:\/\/www.tehno.sk\/wp-content\/uploads\/star%C3%A9%20stiera%C4%8De.jpeg","height":0,"width":0},"keywords":null},{"@type":"Article","@id":"https:\/\/www.tehno.sk\/uber-je-partnerom-spolocnosti-hyundai-v-oblasti-elektrickych-leteckych-taxikov\/","headline":"Uber je partnerom spolo\u010dnosti Hyundai v oblasti elektrick\u00fdch leteck\u00fdch tax\u00edkov","url":"https:\/\/www.tehno.sk\/uber-je-partnerom-spolocnosti-hyundai-v-oblasti-elektrickych-leteckych-taxikov\/","datePublished":"2020-01-24","dateModified":"2023-04-28","mainEntityOfPage":"https:\/\/www.tehno.sk\/uber-je-partnerom-spolocnosti-hyundai-v-oblasti-elektrickych-leteckych-taxikov\/","author":{"@type":"Person","@id":"https:\/\/www.tehno.sk\/author\/#Person","name":"","url":"https:\/\/www.tehno.sk\/author\/","identifier":1,"image":{"@type":"ImageObject","@id":"https:\/\/secure.gravatar.com\/avatar\/dac37d998cdbc92cc7ee5d23d4d689a369122af40c5450007470acab45b61d68?s=96&d=mm&r=g","url":"https:\/\/secure.gravatar.com\/avatar\/dac37d998cdbc92cc7ee5d23d4d689a369122af40c5450007470acab45b61d68?s=96&d=mm&r=g","height":96,"width":96}},"publisher":{"@type":"Organization","name":"tehno.sk","logo":{"@type":"ImageObject","@id":"\/logo.png","url":"\/logo.png","width":600,"height":60}},"image":{"@type":"ImageObject","@id":"https:\/\/www.tehno.sk\/wp-content\/uploads\/img_a309803_w16897_t1580234208.jpg","url":"https:\/\/www.tehno.sk\/wp-content\/uploads\/img_a309803_w16897_t1580234208.jpg","height":0,"width":0},"keywords":null},{"@type":"Article","@id":"https:\/\/www.tehno.sk\/novinka-od-tesly-vykrocila-nespravnou-nohou-alebo-nie\/","headline":"Novinka od Tesly vykro\u010dila nespr\u00e1vnou nohou \u2013 alebo nie?","url":"https:\/\/www.tehno.sk\/novinka-od-tesly-vykrocila-nespravnou-nohou-alebo-nie\/","datePublished":"2019-12-01","dateModified":"2023-04-28","mainEntityOfPage":"https:\/\/www.tehno.sk\/novinka-od-tesly-vykrocila-nespravnou-nohou-alebo-nie\/","author":{"@type":"Person","@id":"https:\/\/www.tehno.sk\/author\/#Person","name":"","url":"https:\/\/www.tehno.sk\/author\/","identifier":1,"image":{"@type":"ImageObject","@id":"https:\/\/secure.gravatar.com\/avatar\/dac37d998cdbc92cc7ee5d23d4d689a369122af40c5450007470acab45b61d68?s=96&d=mm&r=g","url":"https:\/\/secure.gravatar.com\/avatar\/dac37d998cdbc92cc7ee5d23d4d689a369122af40c5450007470acab45b61d68?s=96&d=mm&r=g","height":96,"width":96}},"publisher":{"@type":"Organization","name":"tehno.sk","logo":{"@type":"ImageObject","@id":"\/logo.png","url":"\/logo.png","width":600,"height":60}},"image":{"@type":"ImageObject","@id":"https:\/\/www.tehno.sk\/wp-content\/uploads\/img_a308962_w16851_t1577466164.jpg","url":"https:\/\/www.tehno.sk\/wp-content\/uploads\/img_a308962_w16851_t1577466164.jpg","height":0,"width":0},"keywords":null},{"@type":"Article","@id":"https:\/\/www.tehno.sk\/je-mozne-si-prerobit-dodavku-na-obytne-auto\/","headline":"Je mo\u017en\u00e9 si prerobi\u0165 dod\u00e1vku na obytn\u00e9 auto?","url":"https:\/\/www.tehno.sk\/je-mozne-si-prerobit-dodavku-na-obytne-auto\/","datePublished":"2019-09-14","dateModified":"2023-04-28","mainEntityOfPage":"https:\/\/www.tehno.sk\/je-mozne-si-prerobit-dodavku-na-obytne-auto\/","author":{"@type":"Person","@id":"https:\/\/www.tehno.sk\/author\/#Person","name":"","url":"https:\/\/www.tehno.sk\/author\/","identifier":1,"image":{"@type":"ImageObject","@id":"https:\/\/secure.gravatar.com\/avatar\/dac37d998cdbc92cc7ee5d23d4d689a369122af40c5450007470acab45b61d68?s=96&d=mm&r=g","url":"https:\/\/secure.gravatar.com\/avatar\/dac37d998cdbc92cc7ee5d23d4d689a369122af40c5450007470acab45b61d68?s=96&d=mm&r=g","height":96,"width":96}},"publisher":{"@type":"Organization","name":"tehno.sk","logo":{"@type":"ImageObject","@id":"\/logo.png","url":"\/logo.png","width":600,"height":60}},"image":{"@type":"ImageObject","@id":"https:\/\/www.tehno.sk\/wp-content\/uploads\/img_a307094_w16851_t1569849989.jpg","url":"https:\/\/www.tehno.sk\/wp-content\/uploads\/img_a307094_w16851_t1569849989.jpg","height":0,"width":0},"keywords":null}]}